{"id":40,"count":3,"description":"Az egyedileg tervezett k\u00fclt\u00e9ri b\u00fatorok (hullad\u00e9kgy\u0171jt\u0151, pad, asztal) mind csal\u00e1di h\u00e1zak kertjeibe, mind k\u00f6zterekre alkalmasak.\r\nA rendk\u00edv\u00fcl v\u00e1ltozatos sz\u00ednsk\u00e1la r\u00e9v\u00e9n a term\u00e9kek m\u00e9g jobban szem\u00e9lyre szabhat\u00f3k.\r\n\r\nKialak\u00edt\u00e1s\u00e1nak k\u00f6sz\u00f6nhet\u0151en eszt\u00e9tikus megjelen\u00e9st biztos\u00edt. A term\u00e9kek min\u0151s\u00e9gileg \u00e9s k\u00e9nyelmileg is meg\u00e1llj\u00e1k hely\u00fcket.\r\nEmellett a porfestett technol\u00f3gi\u00e1nak k\u00f6sz\u00f6nhet\u0151en rendk\u00edv\u00fcl tart\u00f3sak \u00e9s ellen\u00e1llnak az id\u0151j\u00e1r\u00e1s adta sz\u00e9ls\u0151s\u00e9ges k\u00f6r\u00fclm\u00e9nyeknek is.\r\nA k\u00e9sz\u00edtm\u00e9nyek extra lakkv\u00e9delemmel ell\u00e1tottak, mely biztos\u00edtja a m\u00e9g hosszabb \u00e9lettartamot, r\u00e1ad\u00e1s v\u00e9delmet ny\u00fajt a karcol\u00e1sokkal szemben.","link":"https:\/\/produktumgeneral.hu\/en\/product-category\/kulteri-butorok\/","name":"Outdoor furniture","slug":"kulteri-butorok","taxonomy":"product_cat","parent":0,"meta":[],"yoast_head":"<!-- This site is optimized with the Yoast SEO plugin v27.5 - https:\/\/yoast.com\/product\/yoast-seo-wordpress\/ -->\n<title>K\u00fclt\u00e9ri b\u00fatorok Archives - Produktum Gener\u00e1l Kft.<\/title>\n<meta name=\"robots\" content=\"index, follow, max-snippet:-1, max-image-preview:large, max-video-preview:-1\" \/>\n<link rel=\"canonical\" href=\"https:\/\/produktumgeneral.hu\/en\/product-category\/kulteri-butorok\/\" \/>\n<meta property=\"og:locale\" content=\"en_GB\" \/>\n<meta property=\"og:type\" content=\"article\" \/>\n<meta property=\"og:title\" content=\"K\u00fclt\u00e9ri b\u00fatorok Archives - Produktum Gener\u00e1l Kft.\" \/>\n<meta property=\"og:description\" content=\"Az egyedileg tervezett k\u00fclt\u00e9ri b\u00fatorok (hullad\u00e9kgy\u0171jt\u0151, pad, asztal) mind csal\u00e1di h\u00e1zak kertjeibe, mind k\u00f6zterekre alkalmasak. A rendk\u00edv\u00fcl v\u00e1ltozatos sz\u00ednsk\u00e1la r\u00e9v\u00e9n a term\u00e9kek m\u00e9g jobban szem\u00e9lyre szabhat\u00f3k. Kialak\u00edt\u00e1s\u00e1nak k\u00f6sz\u00f6nhet\u0151en eszt\u00e9tikus megjelen\u00e9st biztos\u00edt. A term\u00e9kek min\u0151s\u00e9gileg \u00e9s k\u00e9nyelmileg is meg\u00e1llj\u00e1k hely\u00fcket. Emellett a porfestett technol\u00f3gi\u00e1nak k\u00f6sz\u00f6nhet\u0151en rendk\u00edv\u00fcl tart\u00f3sak \u00e9s ellen\u00e1llnak az id\u0151j\u00e1r\u00e1s adta sz\u00e9ls\u0151s\u00e9ges k\u00f6r\u00fclm\u00e9nyeknek is. A k\u00e9sz\u00edtm\u00e9nyek extra lakkv\u00e9delemmel ell\u00e1tottak, mely biztos\u00edtja a m\u00e9g hosszabb \u00e9lettartamot, r\u00e1ad\u00e1s v\u00e9delmet ny\u00fajt a karcol\u00e1sokkal szemben.\" \/>\n<meta property=\"og:url\" content=\"https:\/\/produktumgeneral.hu\/en\/product-category\/kulteri-butorok\/\" \/>\n<meta property=\"og:site_name\" content=\"Produktum Gener\u00e1l Kft.\" \/>\n<meta name=\"twitter:card\" content=\"summary_large_image\" \/>\n<script type=\"application\/ld+json\" class=\"yoast-schema-graph\">{\"@context\":\"https:\\\/\\\/schema.org\",\"@graph\":[{\"@type\":\"CollectionPage\",\"@id\":\"https:\\\/\\\/produktumgeneral.hu\\\/termekkategoria\\\/kulteri-butorok\\\/\",\"url\":\"https:\\\/\\\/produktumgeneral.hu\\\/termekkategoria\\\/kulteri-butorok\\\/\",\"name\":\"K\u00fclt\u00e9ri b\u00fatorok Archives - Produktum Gener\u00e1l Kft.\",\"isPartOf\":{\"@id\":\"https:\\\/\\\/produktumgeneral.hu\\\/#website\"},\"breadcrumb\":{\"@id\":\"https:\\\/\\\/produktumgeneral.hu\\\/termekkategoria\\\/kulteri-butorok\\\/#breadcrumb\"},\"inLanguage\":\"en-GB\"},{\"@type\":\"BreadcrumbList\",\"@id\":\"https:\\\/\\\/produktumgeneral.hu\\\/termekkategoria\\\/kulteri-butorok\\\/#breadcrumb\",\"itemListElement\":[{\"@type\":\"ListItem\",\"position\":1,\"name\":\"Home\",\"item\":\"https:\\\/\\\/produktumgeneral.hu\\\/\"},{\"@type\":\"ListItem\",\"position\":2,\"name\":\"K\u00fclt\u00e9ri b\u00fatorok\"}]},{\"@type\":\"WebSite\",\"@id\":\"https:\\\/\\\/produktumgeneral.hu\\\/#website\",\"url\":\"https:\\\/\\\/produktumgeneral.hu\\\/\",\"name\":\"Produktum Gener\u00e1l Kft.\",\"description\":\"Tapasztalt szakember csapattal az \u00d6n\u00f6k szolg\u00e1lat\u00e1ban. -- TERVEZ\u00dcNK-\u00c9P\u00cdT\u00dcNK-FEL\u00daJ\u00cdTUNK  --\",\"potentialAction\":[{\"@type\":\"SearchAction\",\"target\":{\"@type\":\"EntryPoint\",\"urlTemplate\":\"https:\\\/\\\/produktumgeneral.hu\\\/?s={search_term_string}\"},\"query-input\":{\"@type\":\"PropertyValueSpecification\",\"valueRequired\":true,\"valueName\":\"search_term_string\"}}],\"inLanguage\":\"en-GB\"}]}<\/script>\n<!-- \/ Yoast SEO plugin. -->","yoast_head_json":{"title":"K\u00fclt\u00e9ri b\u00fatorok Archives - Produktum Gener\u00e1l Kft.","robots":{"index":"index","follow":"follow","max-snippet":"max-snippet:-1","max-image-preview":"max-image-preview:large","max-video-preview":"max-video-preview:-1"},"canonical":"https:\/\/produktumgeneral.hu\/en\/product-category\/kulteri-butorok\/","og_locale":"en_GB","og_type":"article","og_title":"K\u00fclt\u00e9ri b\u00fatorok Archives - Produktum Gener\u00e1l Kft.","og_description":"Az egyedileg tervezett k\u00fclt\u00e9ri b\u00fatorok (hullad\u00e9kgy\u0171jt\u0151, pad, asztal) mind csal\u00e1di h\u00e1zak kertjeibe, mind k\u00f6zterekre alkalmasak. A rendk\u00edv\u00fcl v\u00e1ltozatos sz\u00ednsk\u00e1la r\u00e9v\u00e9n a term\u00e9kek m\u00e9g jobban szem\u00e9lyre szabhat\u00f3k. Kialak\u00edt\u00e1s\u00e1nak k\u00f6sz\u00f6nhet\u0151en eszt\u00e9tikus megjelen\u00e9st biztos\u00edt. A term\u00e9kek min\u0151s\u00e9gileg \u00e9s k\u00e9nyelmileg is meg\u00e1llj\u00e1k hely\u00fcket. Emellett a porfestett technol\u00f3gi\u00e1nak k\u00f6sz\u00f6nhet\u0151en rendk\u00edv\u00fcl tart\u00f3sak \u00e9s ellen\u00e1llnak az id\u0151j\u00e1r\u00e1s adta sz\u00e9ls\u0151s\u00e9ges k\u00f6r\u00fclm\u00e9nyeknek is. A k\u00e9sz\u00edtm\u00e9nyek extra lakkv\u00e9delemmel ell\u00e1tottak, mely biztos\u00edtja a m\u00e9g hosszabb \u00e9lettartamot, r\u00e1ad\u00e1s v\u00e9delmet ny\u00fajt a karcol\u00e1sokkal szemben.","og_url":"https:\/\/produktumgeneral.hu\/en\/product-category\/kulteri-butorok\/","og_site_name":"Produktum Gener\u00e1l Kft.","twitter_card":"summary_large_image","schema":{"@context":"https:\/\/schema.org","@graph":[{"@type":"CollectionPage","@id":"https:\/\/produktumgeneral.hu\/termekkategoria\/kulteri-butorok\/","url":"https:\/\/produktumgeneral.hu\/termekkategoria\/kulteri-butorok\/","name":"K\u00fclt\u00e9ri b\u00fatorok Archives - Produktum Gener\u00e1l Kft.","isPartOf":{"@id":"https:\/\/produktumgeneral.hu\/#website"},"breadcrumb":{"@id":"https:\/\/produktumgeneral.hu\/termekkategoria\/kulteri-butorok\/#breadcrumb"},"inLanguage":"en-GB"},{"@type":"BreadcrumbList","@id":"https:\/\/produktumgeneral.hu\/termekkategoria\/kulteri-butorok\/#breadcrumb","itemListElement":[{"@type":"ListItem","position":1,"name":"Home","item":"https:\/\/produktumgeneral.hu\/"},{"@type":"ListItem","position":2,"name":"K\u00fclt\u00e9ri b\u00fatorok"}]},{"@type":"WebSite","@id":"https:\/\/produktumgeneral.hu\/#website","url":"https:\/\/produktumgeneral.hu\/","name":"Produktum Gener\u00e1l Ltd.","description":"Tapasztalt szakember csapattal az \u00d6n\u00f6k szolg\u00e1lat\u00e1ban. -- TERVEZ\u00dcNK-\u00c9P\u00cdT\u00dcNK-FEL\u00daJ\u00cdTUNK  --","potentialAction":[{"@type":"SearchAction","target":{"@type":"EntryPoint","urlTemplate":"https:\/\/produktumgeneral.hu\/?s={search_term_string}"},"query-input":{"@type":"PropertyValueSpecification","valueRequired":true,"valueName":"search_term_string"}}],"inLanguage":"en-GB"}]}},"_links":{"self":[{"href":"https:\/\/produktumgeneral.hu\/en\/wp-json\/wp\/v2\/product_cat\/40","targetHints":{"allow":["GET"]}}],"collection":[{"href":"https:\/\/produktumgeneral.hu\/en\/wp-json\/wp\/v2\/product_cat"}],"about":[{"href":"https:\/\/produktumgeneral.hu\/en\/wp-json\/wp\/v2\/taxonomies\/product_cat"}],"wp:post_type":[{"href":"https:\/\/produktumgeneral.hu\/en\/wp-json\/wp\/v2\/product?product_cat=40"}],"curies":[{"name":"wp","href":"https:\/\/api.w.org\/{rel}","templated":true}]}}